{"id":17527,"date":"2026-04-27T08:59:54","date_gmt":"2026-04-27T06:59:54","guid":{"rendered":"https:\/\/www.ccoocaixabank.net\/ca\/?p=17527"},"modified":"2026-04-27T08:59:54","modified_gmt":"2026-04-27T06:59:54","slug":"p12930","status":"publish","type":"post","link":"https:\/\/www.ccoocaixabank.net\/ca\/ccoo\/p12930\/","title":{"rendered":"Mobilitzaci\u00f3 de delegats\/ades el 30 d&#8217;abril coincidint amb la Presentaci\u00f3 de Resultats"},"content":{"rendered":"\n<div class=\"wp-block-group has-custom-azul-cxb-background-color has-background is-layout-flow wp-container-core-group-is-layout-768176b3 wp-block-group-is-layout-flow\" style=\"border-style:none;border-width:0px;margin-top:var(--wp--preset--spacing--20);margin-bottom:var(--wp--preset--spacing--20);padding-top:20px;padding-right:20px;padding-bottom:20px;padding-left:20px\">\n<p class=\"has-text-align-center has-base-color has-text-color has-link-color has-large-font-size wp-elements-dd58c1211aa6b5f2de65363b58a93944\">Els recents anuncis de la Direcci\u00f3 (unificaci\u00f3 de quadrimestres i ajustos en m\u00e8triques) no s\u00f3n un gest ni una concessi\u00f3, s\u00f3n una <strong>rectificaci\u00f3 for\u00e7ada<\/strong> per la mobilitzaci\u00f3 de la plantilla.<br> Les aturades del 3 de febrer, 9 de mar\u00e7 i la hist\u00f2rica vaga del 27M <strong>han obligat CaixaBank a moure&#8217;s<\/strong>.<\/p>\n<\/div>\n\n\n\n<div class=\"wp-block-group has-border-color has-global-padding is-layout-constrained wp-container-core-group-is-layout-70d3dfd8 wp-block-group-is-layout-constrained\" style=\"border-color:#000000;border-width:3px;border-top-left-radius:20px;border-top-right-radius:20px;border-bottom-left-radius:20px;border-bottom-right-radius:20px;margin-top:var(--wp--preset--spacing--20);margin-bottom:var(--wp--preset--spacing--20);padding-top:var(--wp--preset--spacing--20);padding-right:var(--wp--preset--spacing--20);padding-bottom:var(--wp--preset--spacing--20);padding-left:var(--wp--preset--spacing--20)\">\n<p class=\"has-text-align-center has-large-font-size\"><strong><em>Queda clar: quan la plantilla apreta, la Direcci\u00f3 cedeix.<\/em><\/strong><\/p>\n<\/div>\n\n\n\n<p>La eliminaci\u00f3 del sistema quadrimestral, una reivindicaci\u00f3 clau, \u00e9s un aven\u00e7 que reconeixem.<\/p>\n\n\n\n<p>Per\u00f2 no ens confonem: <strong>sense garanties que sigui definitiva<\/strong>, pot quedar-se en una maniobra temporal per rebaixar el conflicte.<\/p>\n\n\n\n<p>Perqu\u00e8 mentre anuncien ajustos, <strong>la pressi\u00f3 comercial, la microgesti\u00f3 i els objectius desmesurats continuen a les oficines.<\/strong> No acceptarem maquillatge ni maniobres de distracci\u00f3. La plantilla no necessita retocs t\u00e8cnics, <strong>necessita un canvi real.<\/strong><br><\/p>\n\n\n\n<div class=\"wp-block-group has-border-color has-primary-border-color has-global-padding is-layout-constrained wp-container-core-group-is-layout-70d3dfd8 wp-block-group-is-layout-constrained\" style=\"border-width:5px;margin-top:var(--wp--preset--spacing--20);margin-bottom:var(--wp--preset--spacing--20);padding-top:var(--wp--preset--spacing--20);padding-right:var(--wp--preset--spacing--20);padding-bottom:var(--wp--preset--spacing--20);padding-left:var(--wp--preset--spacing--20)\">\n<p class=\"has-large-font-size\"><strong><mark style=\"background-color:#ffffff\" class=\"has-inline-color has-primary-color\">ELS SINDICATS VENIM RECLAMANT<\/mark><\/strong><\/p>\n\n\n\n<ul class=\"wp-block-list\">\n<li><strong>FI DE LA PRESSI\u00d3 I LA MICROGESTI\u00d3<\/strong><\/li>\n<\/ul>\n\n\n\n<p>Compliment real del model AHEAD: eliminaci\u00f3 de r\u00e0nquings, comparatives p\u00fabliques i reportis diaris, respecte a la desconnexi\u00f3 digital i fi de les din\u00e0miques de control constant.<\/p>\n\n\n\n<ul class=\"wp-block-list\">\n<li><strong>OBJECTIUS CLARS I ASSOLIBLES<\/strong><\/li>\n<\/ul>\n\n\n\n<p>Reptes ajustats a la realitat, sense increments desmesurats, amb transpar\u00e8ncia i sense canvis a meitat de joc.  Fi del model del curt termini.<\/p>\n\n\n\n<ul class=\"wp-block-list\">\n<li> <strong>RESPECTE I CONDICIONS DIGNES<\/strong><\/li>\n<\/ul>\n\n\n\n<p>Toler\u00e0ncia zero a les males pr\u00e0ctiques, sancions a qui pressioni indebudament i vinculaci\u00f3 del bonus dels comandaments al clima laboral. Plantilles suficients, horaris.<\/p>\n<\/div>\n\n\n\n<div class=\"wp-block-group has-border-color has-global-padding is-layout-constrained wp-container-core-group-is-layout-70d3dfd8 wp-block-group-is-layout-constrained\" style=\"border-color:#000000;border-width:3px;border-top-left-radius:20px;border-top-right-radius:20px;border-bottom-left-radius:20px;border-bottom-right-radius:20px;margin-top:var(--wp--preset--spacing--20);margin-bottom:var(--wp--preset--spacing--20);padding-top:var(--wp--preset--spacing--20);padding-right:var(--wp--preset--spacing--20);padding-bottom:var(--wp--preset--spacing--20);padding-left:var(--wp--preset--spacing--20)\">\n<p class=\"has-text-align-center has-large-font-size\"><strong><em>I MENTRE\u2026 ELS BENEFICIS ES DISPARAN<\/em><\/strong><\/p>\n<\/div>\n\n\n\n<p>Les previsions del sector apunten que <strong>CaixaBank ser\u00e0 una de les entitats que m\u00e9s incrementar\u00e0 els seus beneficis<\/strong> <strong>gr\u00e0cies al context de pujada de tipus d&#8217;inter\u00e8s.<\/strong><\/p>\n\n\n\n<p><br> <strong>\u00c9s a dir, m\u00e9s marge, m\u00e9s ingressos\u2026 per\u00f2 la mateixa pressi\u00f3 sobre la plantilla.<\/strong><\/p>\n\n\n\n<p class=\"has-large-font-size\"> <strong><mark style=\"background-color:#ffffff\" class=\"has-inline-color has-primary-color\">LA MOBILITZACI\u00d3 CONTINUA<\/mark><\/strong><\/p>\n\n\n\n<p>Per tot plegat, hem convocat una <strong>mobilitzaci\u00f3 de delegades i delegats<\/strong> el pr\u00f2xim 30 d&#8217;abril, <strong>coincidint amb la presentaci\u00f3 de resultats de CaixaBank<\/strong>, en diferents ciutats del territori.<\/p>\n\n\n\n<p>Volem visibilitzar que darrere dels beneficis hi ha una plantilla al l\u00edmit i traslladar un missatge clar a la Direcci\u00f3: <strong>no pararem fins que es produeixin canvis reals en el model comercial i en les condicions de treball.<\/strong><\/p>\n\n\n\n<div class=\"wp-block-group has-border-color has-neutral-border-color has-neutral-background-color has-background has-global-padding is-layout-constrained wp-container-core-group-is-layout-70d3dfd8 wp-block-group-is-layout-constrained\" style=\"border-width:3px;border-top-left-radius:18px;border-top-right-radius:18px;border-bottom-left-radius:18px;border-bottom-right-radius:18px;margin-top:var(--wp--preset--spacing--20);margin-bottom:var(--wp--preset--spacing--20);padding-top:var(--wp--preset--spacing--20);padding-right:var(--wp--preset--spacing--20);padding-bottom:var(--wp--preset--spacing--20);padding-left:var(--wp--preset--spacing--20)\">\n<p class=\"has-text-align-center has-large-font-size\"><strong><mark style=\"background-color:#9fa2a3\" class=\"has-inline-color has-base-color\">30 D&#8217;ABRIL: MOBILITZACI\u00d3 DELEGATS\/ADES SINDICALS<\/mark><\/strong><\/p>\n\n\n\n<p class=\"has-text-align-center\"><br> <strong><mark style=\"background-color:#9fa2a3\" class=\"has-inline-color has-base-color\">VAL\u00c8NCIA (11:00h) &#8211; Presentaci\u00f3 de resultats<\/mark><\/strong><\/p>\n\n\n\n<p class=\"has-text-align-center\"> <strong><mark style=\"background-color:#9fa2a3\" class=\"has-inline-color has-base-color\">CONCENTRACIONS SIMULT\u00c0NIES:<\/mark><\/strong><\/p>\n\n\n\n<p class=\"has-text-align-center\"> <strong><mark style=\"background-color:#9fa2a3\" class=\"has-inline-color has-base-color\">BARCELONA: Av. Diagonal, 621-629<\/mark><\/strong><\/p>\n\n\n\n<p class=\"has-text-align-center\"> <strong><mark style=\"background-color:#9fa2a3\" class=\"has-inline-color has-base-color\">MADRID: Torre Kio, Passeig de la Castellana 189<\/mark><\/strong><\/p>\n\n\n\n<p class=\"has-text-align-center\"> <strong><mark style=\"background-color:#9fa2a3\" class=\"has-inline-color has-base-color\">SEVILLA: Carrer Sierpes, 85<\/mark><\/strong><\/p>\n\n\n\n<p class=\"has-text-align-center\"> <strong><mark style=\"background-color:#9fa2a3\" class=\"has-inline-color has-base-color\">VAL\u00c8NCIA: Carrer Pintor Sorolla, 8<\/mark><\/strong><\/p>\n\n\n\n<p class=\"has-text-align-center\"> <strong><mark style=\"background-color:#9fa2a3\" class=\"has-inline-color has-base-color\">PALMA: Av. Alexandre Rossell\u00f3, 40<\/mark><\/strong> <\/p>\n<\/div>\n\n\n\n<div class=\"wp-block-group has-border-color has-primary-border-color has-global-padding is-layout-constrained wp-container-core-group-is-layout-70d3dfd8 wp-block-group-is-layout-constrained\" style=\"border-width:5px;margin-top:var(--wp--preset--spacing--20);margin-bottom:var(--wp--preset--spacing--20);padding-top:var(--wp--preset--spacing--20);padding-right:var(--wp--preset--spacing--20);padding-bottom:var(--wp--preset--spacing--20);padding-left:var(--wp--preset--spacing--20)\">\n<p class=\"has-text-align-center has-large-font-size\"><strong><em>Si no hi ha canvis reals, la unitat sindical i la plantilla respondran amb m\u00e9s mobilitzaci\u00f3 i m\u00e9s contund\u00e8ncia, sense descartar una nova jornada de vaga.<\/em><\/strong><\/p>\n<\/div>\n\n\n\n<figure class=\"wp-block-image size-full\"><img loading=\"lazy\" decoding=\"async\" width=\"1280\" height=\"120\" src=\"https:\/\/www.ccoocaixabank.net\/ca\/wp-content\/uploads\/sites\/3\/2025\/10\/EL-PODER-CATALAN.jpg\" alt=\"\" class=\"wp-image-7473\" srcset=\"https:\/\/www.ccoocaixabank.net\/ca\/wp-content\/uploads\/sites\/3\/2025\/10\/EL-PODER-CATALAN.jpg 1280w, https:\/\/www.ccoocaixabank.net\/ca\/wp-content\/uploads\/sites\/3\/2025\/10\/EL-PODER-CATALAN-512x48.jpg 512w, https:\/\/www.ccoocaixabank.net\/ca\/wp-content\/uploads\/sites\/3\/2025\/10\/EL-PODER-CATALAN-768x72.jpg 768w\" sizes=\"auto, (max-width: 1280px) 100vw, 1280px\" \/><\/figure>\n","protected":false},"excerpt":{"rendered":"<p>Els recents anuncis de la Direcci\u00f3 (unificaci\u00f3 de quadrimestres i ajustaments en m\u00e8triques) no s\u00f3n un gest ni una concessi\u00f3, s\u00f3n una rectificaci\u00f3 for\u00e7ada per la mobilitzaci\u00f3 de la plantilla. Les aturades del 3 de febrer, 9 de mar\u00e7 i la hist\u00f2rica vaga del 27M han obligat Caixa Queda clar: quan la plantilla prem, la Direcci\u00f3 cedeix. L&#8217;eliminaci\u00f3 del sistema quadrimestral, una reivindicaci\u00f3 clau, \u00e9s un aven\u00e7 que reconeixem.\u2028 Per\u00f2 no ens confonem: sense garanties que sigui definitiva, es pot quedar en una maniobra temporal per rebaixar el conflicte. Perqu\u00e8 mentre anuncien ajustaments, la pressi\u00f3 comercial, la microgesti\u00f3 i els objectius desmesurats continuen [&hellip;]<\/p>\n","protected":false},"author":7,"featured_media":17530,"comment_status":"closed","ping_status":"closed","sticky":false,"template":"wp-custom-template-noticia-con-encabezado-el-momento-es-ahora-y-pie-el-poder-de-cambiar-las-cosas","format":"standard","meta":{"advgb_blocks_editor_width":"","advgb_blocks_columns_visual_guide":"","editor_notices":[],"footnotes":""},"categories":[1],"tags":[],"class_list":["post-17527","post","type-post","status-publish","format-standard","has-post-thumbnail","hentry","category-ccoo"],"author_meta":{"display_name":"Juan Morais","author_link":"https:\/\/www.ccoocaixabank.net\/ca\/author\/juanmorais\/"},"featured_img":"https:\/\/www.ccoocaixabank.net\/ca\/wp-content\/uploads\/sites\/3\/2026\/04\/9m-kio-2-1-512x384.jpg","coauthors":[],"tax_additional":{"categories":{"linked":["<a href=\"https:\/\/www.ccoocaixabank.net\/ca\/categoria\/ccoo\/\" class=\"advgb-post-tax-term\">CCOO<\/a>"],"unlinked":["<span class=\"advgb-post-tax-term\">CCOO<\/span>"]}},"comment_count":"0","relative_dates":{"created":"Posted 4 dies ago","modified":"Updated 4 dies ago"},"absolute_dates":{"created":"Posted on 27 d'abril de 2026","modified":"Updated on 27 d'abril de 2026"},"absolute_dates_time":{"created":"Posted on 27 d'abril de 2026 08:59","modified":"Updated on 27 d'abril de 2026 08:59"},"featured_img_caption":"","series_order":"","_links":{"self":[{"href":"https:\/\/www.ccoocaixabank.net\/ca\/wp-json\/wp\/v2\/posts\/17527","targetHints":{"allow":["GET"]}}],"collection":[{"href":"https:\/\/www.ccoocaixabank.net\/ca\/wp-json\/wp\/v2\/posts"}],"about":[{"href":"https:\/\/www.ccoocaixabank.net\/ca\/wp-json\/wp\/v2\/types\/post"}],"author":[{"embeddable":true,"href":"https:\/\/www.ccoocaixabank.net\/ca\/wp-json\/wp\/v2\/users\/7"}],"replies":[{"embeddable":true,"href":"https:\/\/www.ccoocaixabank.net\/ca\/wp-json\/wp\/v2\/comments?post=17527"}],"version-history":[{"count":12,"href":"https:\/\/www.ccoocaixabank.net\/ca\/wp-json\/wp\/v2\/posts\/17527\/revisions"}],"predecessor-version":[{"id":17545,"href":"https:\/\/www.ccoocaixabank.net\/ca\/wp-json\/wp\/v2\/posts\/17527\/revisions\/17545"}],"wp:featuredmedia":[{"embeddable":true,"href":"https:\/\/www.ccoocaixabank.net\/ca\/wp-json\/wp\/v2\/media\/17530"}],"wp:attachment":[{"href":"https:\/\/www.ccoocaixabank.net\/ca\/wp-json\/wp\/v2\/media?parent=17527"}],"wp:term":[{"taxonomy":"category","embeddable":true,"href":"https:\/\/www.ccoocaixabank.net\/ca\/wp-json\/wp\/v2\/categories?post=17527"},{"taxonomy":"post_tag","embeddable":true,"href":"https:\/\/www.ccoocaixabank.net\/ca\/wp-json\/wp\/v2\/tags?post=17527"}],"curies":[{"name":"wp","href":"https:\/\/api.w.org\/{rel}","templated":true}]}}