{"id":17558,"date":"2026-04-28T10:54:35","date_gmt":"2026-04-28T08:54:35","guid":{"rendered":"https:\/\/www.ccoocaixabank.net\/ca\/?p=17558"},"modified":"2026-04-28T10:54:35","modified_gmt":"2026-04-28T08:54:35","slug":"p12952","status":"publish","type":"post","link":"https:\/\/www.ccoocaixabank.net\/ca\/ccoo\/p12952\/","title":{"rendered":"Fi de l&#8217;adequaci\u00f3 progressiva? Les desigualtats continuen"},"content":{"rendered":"\n<div class=\"wp-block-group has-custom-azul-cxb-background-color has-background is-layout-flow wp-container-core-group-is-layout-768176b3 wp-block-group-is-layout-flow\" style=\"border-style:none;border-width:0px;margin-top:var(--wp--preset--spacing--20);margin-bottom:var(--wp--preset--spacing--20);padding-top:20px;padding-right:20px;padding-bottom:20px;padding-left:20px\">\n<p class=\"has-text-align-center has-base-color has-text-color has-link-color has-large-font-size wp-elements-96c48036d8cfa04681f45ee82084415f\"><em><em><strong>Per fi ha acabat un dels processos m\u00e9s llargs, l&#8217;adequaci\u00f3 progressiva de la plantilla d&#8217;origen Bankia. Una not\u00edcia que hauria de tancar una etapa\u2026 per\u00f2 que obre una altra conversa pendent.<\/strong><\/em><\/em><\/p>\n<\/div>\n\n\n\n<p><strong>Des de CCOO celebrem que aquest proc\u00e9s hagi arribat a la seva fi.<\/strong><\/p>\n\n\n\n<p>Hem reclamat repetides vegades l&#8217;avan\u00e7ament de l&#8217;adequaci\u00f3 progressiva i l&#8217;eliminaci\u00f3 de desigualtats, sense resposta per part de la Direcci\u00f3. Han estat anys de transici\u00f3 en els quals <strong>la plantilla<\/strong> ha demostrat, una vegada m\u00e9s, responsabilitat, comprom\u00eds i capacitat d&#8217;adaptaci\u00f3 en moments especialment complexos per a l&#8217;Entitat.<\/p>\n\n\n\n<p>Un acord assolit en un entorn dif\u00edcil que avui, amb resultats molt positius, continua sense adaptar-se a la nova realitat. No podem donar per tancada aquesta etapa; la fi de l&#8217;adequaci\u00f3 progressiva <strong>consolida desigualtats<\/strong> que ja no afecten nom\u00e9s la integraci\u00f3 de Bankia, sin\u00f3 tamb\u00e9 altres integracions i col\u00b7lectius incorporats en els \u00faltims anys.<\/p>\n\n\n\n<p>Amb un comprom\u00eds cert i calendaritzat per a la millora i <strong>homologaci\u00f3 de tota la plantilla<\/strong>, tant en les aportacions per a la prestaci\u00f3 de jubilaci\u00f3 com en les prestacions de risc. Veure enlla\u00e7: <a href=\"https:\/\/www.ccoocaixabank.net\/es\/zona\/estatales\/primera-mesa-de-negociacion-sobre-prevision-social-en-caixabank\/\">\u27a1\ufe0f<\/a><a href=\"https:\/\/www.ccoocaixabank.net\/ca\/ccoo\/p12322\/\"><strong>Primera taula de negociaci\u00f3 sobre Previsi\u00f3 Social a CaixaBank<\/strong><\/a><\/p>\n\n\n\n<p>L&#8217;Entitat presenta resultats molt positius. <strong>Beneficis s\u00f2lids<\/strong>. Un escenari que t\u00e9 poc a veure amb aquell en qu\u00e8 es demanava a la plantilla esfor\u00e7, paci\u00e8ncia i comprensi\u00f3.<\/p>\n\n\n\n<p class=\"has-text-align-center has-large-font-size\"><strong>Si l&#8217;esfor\u00e7 \u00e9s col\u00b7lectiu, la recompensa tamb\u00e9 ha de ser per a totes i tots.<\/strong><\/p>\n\n\n\n<p>Qualsevol dubte o incid\u00e8ncia amb la n\u00f2mina d&#8217;aquest mes, <strong>consulta amb la teva delegada o el teu delegat de refer\u00e8ncia<\/strong>.<\/p>\n\n\n\n<div class=\"wp-block-group has-border-color has-primary-border-color has-global-padding is-layout-constrained wp-container-core-group-is-layout-70d3dfd8 wp-block-group-is-layout-constrained\" style=\"border-width:5px;margin-top:var(--wp--preset--spacing--20);margin-bottom:var(--wp--preset--spacing--20);padding-top:var(--wp--preset--spacing--20);padding-right:var(--wp--preset--spacing--20);padding-bottom:var(--wp--preset--spacing--20);padding-left:var(--wp--preset--spacing--20)\">\n<p class=\"has-text-align-center has-large-font-size\"><strong>\u00c9s el moment de traslladar els bons resultats a tota la plantilla i avan\u00e7ar cap a un model m\u00e9s just; ja no hi ha excuses per mantenir les desigualtats.<\/strong><\/p>\n<\/div>\n\n\n\n<figure class=\"wp-block-image size-full\"><img loading=\"lazy\" decoding=\"async\" width=\"1280\" height=\"120\" src=\"https:\/\/www.ccoocaixabank.net\/ca\/wp-content\/uploads\/sites\/3\/2025\/10\/EL-PODER-CATALAN.jpg\" alt=\"\" class=\"wp-image-7473\" srcset=\"https:\/\/www.ccoocaixabank.net\/ca\/wp-content\/uploads\/sites\/3\/2025\/10\/EL-PODER-CATALAN.jpg 1280w, https:\/\/www.ccoocaixabank.net\/ca\/wp-content\/uploads\/sites\/3\/2025\/10\/EL-PODER-CATALAN-512x48.jpg 512w, https:\/\/www.ccoocaixabank.net\/ca\/wp-content\/uploads\/sites\/3\/2025\/10\/EL-PODER-CATALAN-768x72.jpg 768w\" sizes=\"auto, (max-width: 1280px) 100vw, 1280px\" \/><\/figure>\n","protected":false},"excerpt":{"rendered":"<p>Finalment ha acabat un dels processos m\u00e9s llargs, l&#8217;adequaci\u00f3 progressiva de la plantilla d&#8217;origen Bankia. Una not\u00edcia que hauria de tancar una etapa\u2026 per\u00f2 que obre una altra conversa pendent. Des de CCOO celebrem que aquest proc\u00e9s hagi arribat al final. Hem reclamat reiterades vegades l&#8217;avan\u00e7ament de l&#8217;adequaci\u00f3 progressiva i l&#8217;eliminaci\u00f3 de desigualtats sense resposta per part de la Direcci\u00f3. Han estat anys de transici\u00f3 en qu\u00e8 la plantilla ha demostrat, una vegada m\u00e9s, responsabilitat, comprom\u00eds i capacitat d&#8217;adaptaci\u00f3 en moments especialment complexos per a l&#8217;entitat. Un acord aconseguit en un entorn dif\u00edcil, que [&hellip;]<\/p>\n","protected":false},"author":7,"featured_media":17570,"comment_status":"closed","ping_status":"closed","sticky":false,"template":"wp-custom-template-noticia-con-encabezado-el-momento-es-ahora-y-pie-el-poder-de-cambiar-las-cosas","format":"standard","meta":{"advgb_blocks_editor_width":"","advgb_blocks_columns_visual_guide":"","editor_notices":[],"footnotes":""},"categories":[1],"tags":[],"class_list":["post-17558","post","type-post","status-publish","format-standard","has-post-thumbnail","hentry","category-ccoo"],"author_meta":{"display_name":"Juan Morais","author_link":"https:\/\/www.ccoocaixabank.net\/ca\/author\/juanmorais\/"},"featured_img":"https:\/\/www.ccoocaixabank.net\/ca\/wp-content\/uploads\/sites\/3\/2026\/04\/Fin-adequacion-progresiva-512x384.jpg","coauthors":[],"tax_additional":{"categories":{"linked":["<a href=\"https:\/\/www.ccoocaixabank.net\/ca\/categoria\/ccoo\/\" class=\"advgb-post-tax-term\">CCOO<\/a>"],"unlinked":["<span class=\"advgb-post-tax-term\">CCOO<\/span>"]}},"comment_count":"0","relative_dates":{"created":"Posted 3 dies ago","modified":"Updated 3 dies ago"},"absolute_dates":{"created":"Posted on 28 d'abril de 2026","modified":"Updated on 28 d'abril de 2026"},"absolute_dates_time":{"created":"Posted on 28 d'abril de 2026 10:54","modified":"Updated on 28 d'abril de 2026 10:54"},"featured_img_caption":"","series_order":"","_links":{"self":[{"href":"https:\/\/www.ccoocaixabank.net\/ca\/wp-json\/wp\/v2\/posts\/17558","targetHints":{"allow":["GET"]}}],"collection":[{"href":"https:\/\/www.ccoocaixabank.net\/ca\/wp-json\/wp\/v2\/posts"}],"about":[{"href":"https:\/\/www.ccoocaixabank.net\/ca\/wp-json\/wp\/v2\/types\/post"}],"author":[{"embeddable":true,"href":"https:\/\/www.ccoocaixabank.net\/ca\/wp-json\/wp\/v2\/users\/7"}],"replies":[{"embeddable":true,"href":"https:\/\/www.ccoocaixabank.net\/ca\/wp-json\/wp\/v2\/comments?post=17558"}],"version-history":[{"count":8,"href":"https:\/\/www.ccoocaixabank.net\/ca\/wp-json\/wp\/v2\/posts\/17558\/revisions"}],"predecessor-version":[{"id":17569,"href":"https:\/\/www.ccoocaixabank.net\/ca\/wp-json\/wp\/v2\/posts\/17558\/revisions\/17569"}],"wp:featuredmedia":[{"embeddable":true,"href":"https:\/\/www.ccoocaixabank.net\/ca\/wp-json\/wp\/v2\/media\/17570"}],"wp:attachment":[{"href":"https:\/\/www.ccoocaixabank.net\/ca\/wp-json\/wp\/v2\/media?parent=17558"}],"wp:term":[{"taxonomy":"category","embeddable":true,"href":"https:\/\/www.ccoocaixabank.net\/ca\/wp-json\/wp\/v2\/categories?post=17558"},{"taxonomy":"post_tag","embeddable":true,"href":"https:\/\/www.ccoocaixabank.net\/ca\/wp-json\/wp\/v2\/tags?post=17558"}],"curies":[{"name":"wp","href":"https:\/\/api.w.org\/{rel}","templated":true}]}}