{"id":5941,"date":"2025-04-23T08:32:38","date_gmt":"2025-04-23T06:32:38","guid":{"rendered":"https:\/\/www.ccoocaixabank.net\/ca\/?p=5941"},"modified":"2025-04-23T13:35:12","modified_gmt":"2025-04-23T11:35:12","slug":"p6814","status":"publish","type":"post","link":"https:\/\/www.ccoocaixabank.net\/ca\/ccoo\/p6814\/","title":{"rendered":"Pla de Pensions d&#8217;Empleats\/ades"},"content":{"rendered":"\n<div class=\"wp-block-group has-tertiary-background-color has-background is-layout-flow wp-container-core-group-is-layout-768176b3 wp-block-group-is-layout-flow\" style=\"border-style:none;border-width:0px;margin-top:var(--wp--preset--spacing--20);margin-bottom:var(--wp--preset--spacing--20);padding-top:20px;padding-right:20px;padding-bottom:20px;padding-left:20px\">\n<p class=\"has-text-align-center has-large-font-size\"><mark style=\"background-color:#fbf4f3\" class=\"has-inline-color\"> <em><strong>Et posem al dia sobre el Pla de Pensions d&#8217;Empleats\/ades (PC30) i el Pla Associat (PC2)<\/strong><\/em> <\/mark><\/p>\n<\/div>\n\n\n\n<p class=\"has-large-font-size\"> <strong><em>Context de mercat i paper dels actius defensius:<\/em><\/strong><\/p>\n\n\n\n<p>Les <strong>darreres setmanes<\/strong> han estat  marcades per una elevada i <strong>incertesa als mercats<\/strong> financers, degut especialment, a una agressiva pol\u00edtica econ\u00f2mica i exterior de la nova administraci\u00f3 americana, noves tensions geopol\u00edtiques i\/o una inflaci\u00f3 persistent. Aquests factors han provocat caigudes als mercats de renda variable i una forta volatilitat. Davant d&#8217;aquesta situaci\u00f3, des de CCOO, com a part integrant de les Comissions de Control del PC30 (Vicepresid\u00e8ncia) i del PC2 (Presid\u00e8ncia) volem <strong>traslladar-vos un missatge de tranquil\u00b7litat i confian\u00e7a.<\/strong><\/p>\n\n\n\n<p>La cartera del fons PC30 mostra la seva <strong>solidesa gr\u00e0cies a la seva composici\u00f3 equilibrada<\/strong>, que <strong>combina actius<\/strong> de creixement amb d&#8217;altres de defensius, capa\u00e7os d&#8217;esmorteir els cops del mercat:<\/p>\n\n\n\n<ul class=\"wp-block-list\">\n<li><strong>Renda Fixa (47 %)<\/strong>: aporta <strong>estabilitat i protecci\u00f3<\/strong>. En moments com l&#8217;actual, els bons actuen com a refugi, suavitzant les caigudes i reduint la volatilitat total del fons.<\/li>\n\n\n\n<li><strong>Actius Alternatius (19 %)<\/strong>: com infraestructures, immobiliari no cotitzat i capital risc, tenen una baixa correlaci\u00f3 amb la borsa; per tant, ajuden a estabilitzar la rendibilitat quan la renda variable es veu afectada.<\/li>\n\n\n\n<li><strong>Hedge Funds (2 %)<\/strong>: contribueixen amb <strong>estrat\u00e8gies defensives i flexibles<\/strong> que poden adaptar-se millor a la incertesa i protegir el capital en escenaris negatius.<\/li>\n<\/ul>\n\n\n\n<ul class=\"wp-block-list\">\n<li><strong>Renda variable (30%)<\/strong>: \u00e9s la m\u00e9s afectada per la situaci\u00f3 actual, mostrant alts nivells de volatilitat. Tot i aix\u00f2, \u00e9s important recordar que la volatilitat \u00e9s inherent d&#8217;aquest tipus d&#8217;actiu, i que el fons ja ha travessat altres episodis similars en el passat (com el 2011 o el 2020), dels quals n\u2019ha sortit refor\u00e7at a mitj\u00e0 i llarg termini. La renda variable continua sent el motor de creixement del pla a llarg termini. Per aix\u00f2, encara que a curt termini es produeixin ajustaments, la seva pres\u00e8ncia \u00e9s clau per mantenir el poder adquisitiu de les pensions futures.<\/li>\n<\/ul>\n\n\n\n<p>En definitiva, l&#8217;<strong>estrat\u00e8gia d&#8217;inversi\u00f3 del PC30 est\u00e0 dissenyada per resistir en els moments dif\u00edcils i cr\u00e9ixer en els favorables<\/strong>. Equilibrant seguretat i rendibilitat de manera sostenible. Estem fent un seguiment constant de l&#8217;evoluci\u00f3 dels mercats, en coordinaci\u00f3 amb l&#8217;entitat gestora, per assegurar una gesti\u00f3 responsable i prudent dels plans. El nostre objectiu \u00e9s protegir els interessos dels part\u00edcips i els beneficiaris, preservant el valor dels estalvis a llarg termini i adaptant les decisions d&#8217;inversi\u00f3 al context econ\u00f2mic. Tot i considerar que l\u2019estructura actual d&#8217;inversi\u00f3 \u00e9s adequada per a l\u2019escenari present, estem preparats per fer qualsevol ajustament que considerem necessari.<\/p>\n\n\n\n<p>Continuarem informant puntualment de qualsevol novetat rellevant i reiterem el nostre comprom\u00eds amb una gesti\u00f3 propera, transparent i centrada en el vostre futur.<\/p>\n\n\n\n<p class=\"has-large-font-size\"><strong><em>Assignaci\u00f3 d&#8217;actius, com es distribueix el fons<\/em><\/strong><\/p>\n\n\n\n<p>El fons PC30 distribueix les seves inversions entre diferents tipus d&#8217;actius, cadascun amb una funci\u00f3 espec\u00edfica: protegir, cr\u00e9ixer o estabilitzar. Segons el <strong>mandat de gesti\u00f3 per al 2025<\/strong>, que \u00e9s molt similar a la composici\u00f3 de la cartera de 2024, la cartera s&#8217;estructura de la seg\u00fcent manera:<\/p>\n\n\n\n<ul class=\"wp-block-list\">\n<li><strong>47 % Renda Fixa<\/strong><br> Deute p\u00fablic i privat, tant europeu com global, incloent-hi bons sostenibles i de pa\u00efsos emergents.<br> La seva funci\u00f3 \u00e9s <strong>protegir l&#8217;estalvi i aportar estabilitat<\/strong>.<\/li>\n\n\n\n<li><strong>30 % Renda Variable<\/strong><br> Inversi\u00f3 en accions globals, clim\u00e0tiques, tem\u00e0tiques i de pa\u00efsos emergents.<br> \u00c9s el <strong>motor de creixement a llarg termini<\/strong>.<\/li>\n\n\n\n<li><strong>19 % Actius Alternatius<\/strong><br> Capital risc (11 %), infraestructures, deute privat, immobiliari no cotitzat i hedge funds. Actuen com a <strong>amortidors<\/strong> davant de la volatilitat del mercat.<\/li>\n\n\n\n<li><strong>4 % Tresoreria<\/strong><br> Diners l\u00edquids que dona <strong>flexibilitat i capacitat de resposta<\/strong> davant de necessitats de curt termini.<\/li>\n<\/ul>\n\n\n\n<p class=\"has-large-font-size\"> <strong>Rendibilitat<\/strong><\/p>\n\n\n\n<p><strong>2024 ha estat un any molt favorable per als mercats<\/strong> financers. La renda variable global ha experimentat un impuls extraordinari, especialment pel creixement de grans empreses tecnol\u00f2giques i l&#8217;expansi\u00f3 de la intel\u00b7lig\u00e8ncia artificial.<\/p>\n\n\n\n<p><br> Gr\u00e0cies a aquesta evoluci\u00f3, <strong>PC30 ha aconseguit una rendibilitat del 8,7%<\/strong>, superant tant la inflaci\u00f3 com la majoria dels plans similars del pa\u00eds. Aix\u00f2 refor\u00e7a el seu bon comportament a llarg termini i el situa com un dels fons m\u00e9s consistents i s\u00f2lids del mercat.<\/p>\n\n\n\n<p>Els <strong>actius que m\u00e9s han contribu\u00eft<\/strong> a aquest bon resultat s\u00f3n:<\/p>\n\n\n\n<ul class=\"wp-block-list\">\n<li> Renda Variable Global: +25,9 %<\/li>\n\n\n\n<li> Reassegurances: +21,6 %<\/li>\n\n\n\n<li> Pr\u00e9stecs: +16 %<\/li>\n\n\n\n<li>High Yield (renda fixa d&#8217;alt rendiment): +15,9 %<\/li>\n<\/ul>\n\n\n\n<p><strong><u>Des de la seva creaci\u00f3, el fons ha mantingut una rendibilitat mitjana anual del 4,1 %<\/u><\/strong> . Us adjuntem dues gr\u00e0fiques: La primera, de INVERCO permet veure l&#8217;evoluci\u00f3 de la rendibilitat del nostre Pla, i la segona mostra la comparativa de la rendibilitat del nostre Pla amb la inflaci\u00f3.<\/p>\n\n\n\n<figure class=\"wp-block-image aligncenter size-full\"><img decoding=\"async\" src=\"https:\/\/www.ccoocaixabank.net\/es\/wp-content\/uploads\/sites\/2\/2025\/04\/plan-pensiones-evolucion.png\" alt=\"\" class=\"wp-image-6817\"\/><\/figure>\n\n\n\n<figure class=\"wp-block-image aligncenter size-full\"><img decoding=\"async\" src=\"https:\/\/www.ccoocaixabank.net\/es\/wp-content\/uploads\/sites\/2\/2025\/04\/plan-pensiones-fondo-inflacion.png\" alt=\"\" class=\"wp-image-6818\"\/><\/figure>\n\n\n\n<p class=\"has-large-font-size\"><strong><em>Grand\u00e0ria del fons<\/em><\/strong><\/p>\n\n\n\n<p>El fons ha tancat el 2024 amb un patrimoni de <strong>7.250 milions d&#8217;euros<\/strong>, cosa que representa un creixement del 7 % respecte a l&#8217;any anterior. PC30 \u00e9s el <strong>fons de pensions d&#8217;ocupaci\u00f3 m\u00e9s gran d&#8217;Espanya<\/strong> i gestiona aproximadament el <strong>30 % del total del patrimoni<\/strong> del sistema.<\/p>\n\n\n\n<p><br> La seva gran mida permet accedir a inversions d&#8217;alt valor afegit que no estan disponibles per a inversors individuals, com ara:<\/p>\n\n\n\n<ul class=\"wp-block-list\">\n<li> Private Equity (capital risc)<\/li>\n\n\n\n<li> Deute Privat<\/li>\n\n\n\n<li> Infraestructures<\/li>\n\n\n\n<li> Immobiliari no cotitzat<\/li>\n<\/ul>\n\n\n\n<p> Aquestes inversions ajuden a diversificar i refor\u00e7ar la rendibilitat a llarg termini del fons.<\/p>\n\n\n\n<p class=\"has-large-font-size\"> <strong><em>La gran novetat des del 2024: Aportacions individuals<\/em><\/strong><\/p>\n\n\n\n<p> <strong>Des de desembre de 2024<\/strong> , els\/les part\u00edcips del fons poden fer <strong>aportacions volunt\u00e0ries individuals directament al PC30<\/strong> . Fins ara, el fons nom\u00e9s rebia contribucions del promotor. Aquesta obertura suposa un pas hist\u00f2ric per refor\u00e7ar l&#8217;estalvi de cara a la jubilaci\u00f3, permetent que cada persona adapti la planificaci\u00f3 financera segons les necessitats personals.<\/p>\n\n\n\n<ul class=\"wp-block-list\">\n<li> Les aportacions individuals se sumen al saldo del pla i gaudeixen de les mateixes condicions de gesti\u00f3 i rendibilitat.<\/li>\n\n\n\n<li>Aquestes aportacions estan subjectes als l\u00edmits fiscals i legals establerts per a plans de pensions.<\/li>\n<\/ul>\n\n\n\n<p> Aquest canvi demostra el comprom\u00eds del fons amb m\u00e9s flexibilitat, personalitzaci\u00f3 i planificaci\u00f3 a llarg termini.<\/p>\n\n\n\n<p class=\"has-large-font-size\"> <strong><em>PC2: Pla Col\u00b7lectiu Associat<\/em><\/strong><\/p>\n\n\n\n<p>L&#8217;any 2024, el Pla PC2 (amb un mandat d&#8217;inversi\u00f3 alineat amb el PC30) va obtenir una rendibilitat de l&#8217;11,9 %, superant el seu objectiu d&#8217;inversi\u00f3 i l&#8217;IPC i va assolir els 263 milions d&#8217;euros de patrimoni. La seva distribuci\u00f3 d&#8217;actius mitjana va ser del 44 % en renda variable, 41 % en renda fixa, 11 % en actius alternatius i 4 % en tresoreria, incorporant criteris d&#8217;inversi\u00f3 responsable a les seves inversions. El fons va capitalitzar molt b\u00e9 el bon comportament dels mercats financers durant l&#8217;any, destacant especialment en renda variable global. Tot i que el seu perfil de risc \u00e9s una mica m\u00e9s alt que el del PC30, el fons es mant\u00e9 entre els millors en termes de rendibilitat a 5 i 10 anys.<\/p>\n\n\n\n<p class=\"has-large-font-size\"> <strong><em>Inversions i Sostenibilitat<\/em><\/strong><\/p>\n\n\n\n<p> PC30 t\u00e9 un comprom\u00eds des de fa molts anys per ser un <strong>fons responsable amb el planeta i les persones:<\/strong><\/p>\n\n\n\n<ul class=\"wp-block-list\">\n<li>Es mant\u00e9 l&#8217;objectiu de descarbonitzaci\u00f3 total pel 2050.<\/li>\n\n\n\n<li> Un 63% de la cartera contribueix directament als Objectius de Desenvolupament Sostenible (ODS).<\/li>\n\n\n\n<li> S&#8217;ha incrementat la inversi\u00f3 en renda variable amb criteris clim\u00e0tics i sostenibles.<\/li>\n<\/ul>\n\n\n\n<p> Des de CCOO considerem que el Pla ha de continuar avan\u00e7ant en el seu comprom\u00eds amb la Inversi\u00f3 Socialment Responsable, avan\u00e7ant en una implicaci\u00f3 m\u00e9s gran en la millora dels aspectes socials de les empreses en qu\u00e8 invertim.<\/p>\n\n\n\n<p>Per refor\u00e7ar el nostre comprom\u00eds amb la Sostenibilitat, PC30 \u00e9s membre actiu (entre altres) de les iniciatives seg\u00fcents:<\/p>\n\n\n\n<ul class=\"wp-block-list\">\n<li> PRI: Principis d&#8217;inversi\u00f3 Responsable<\/li>\n\n\n\n<li> Iniciatives vinculades al Canvi Clim\u00e0tic: TCFD, NZAOA. <\/li>\n<\/ul>\n\n\n\n<p class=\"has-large-font-size\"> <strong><em>25 anys de PC30<\/em><\/strong><\/p>\n\n\n\n<p>Aquest any commemorem el 25\u00e8 aniversari del PC30, una traject\u00f2ria de comprom\u00eds amb la previsi\u00f3 social i l&#8217;estalvi per a la jubilaci\u00f3, i d&#8217;una gesti\u00f3 que podem considerar excepcional. Volem agrair a tots i totes els\/les part\u00edcips i beneficiaris\/\u00e0ries la seva confian\u00e7a durant aquests anys, que han convertit el PC30 en un referent en mat\u00e8ria de previsi\u00f3 complement\u00e0ria.<\/p>\n\n\n\n<p>Molt aviat es publicar\u00e0 una convocat\u00f2ria a la p\u00e0gina web del fons perqu\u00e8 pugueu reservar la data i participar activament en aquesta jornada tan especial. <\/p>\n\n\n\n<p class=\"has-text-align-center has-large-font-size\"> <strong>Recorda que la web dels dos Plans \u00e9s <a href=\"https:\/\/www.fpecaixa.info\/\">https:\/\/www.fpecaixa.info\/<\/a><\/strong> <\/p>\n\n\n\n<div class=\"wp-block-group has-border-color has-primary-border-color has-global-padding is-layout-constrained wp-container-core-group-is-layout-70d3dfd8 wp-block-group-is-layout-constrained\" style=\"border-width:5px;margin-top:var(--wp--preset--spacing--20);margin-bottom:var(--wp--preset--spacing--20);padding-top:var(--wp--preset--spacing--20);padding-right:var(--wp--preset--spacing--20);padding-bottom:var(--wp--preset--spacing--20);padding-left:var(--wp--preset--spacing--20)\">\n<p class=\"has-text-align-center has-large-font-size\"><strong><em>Per a qualsevol dubte, consulta amb el teu delegat o delegada de CCOO<\/em>. Posem a la teva disposici\u00f3 una <mark style=\"background-color:#ffffff\" class=\"has-inline-color has-primary-color\">Calculadora de Prestacions<\/mark> de Risc del Pla de Pensions<\/strong><\/p>\n<\/div>\n\n\n\n<p><\/p>\n","protected":false},"excerpt":{"rendered":"<p>Et posem al dia del Pla de Pensions d&#8217;Empleats\/des (PC30) i del Pla Associat (PC2). Context de mercat i paper dels actius defensius: Les darreres setmanes estan marcades per una elevada incertesa als mercats financers, degut especialment, a una agressiva pol\u00edtica econ\u00f2mica i exterior de la nova administraci\u00f3 americana, noves tensions geopol\u00edtiques i\/o inflaci\u00f3 persistent. Aquests factors han provocat caigudes als mercats de renda variable i una forta volatilitat. Davant d&#8217;aquesta situaci\u00f3, des de CCOO, com a part integrant de les Comissions de Control del PC30 (Vicepresid\u00e8ncia) i del PC2 (Presid\u00e8ncia) volem traslladar-vos un missatge de tranquil\u00b7litat i [&hellip;]<\/p>\n","protected":false},"author":7,"featured_media":5981,"comment_status":"closed","ping_status":"closed","sticky":false,"template":"wp-custom-template-noticia-con-encabezado-el-momento-es-ahora-y-pie-el-poder-de-cambiar-las-cosas","format":"standard","meta":{"advgb_blocks_editor_width":"","advgb_blocks_columns_visual_guide":"","editor_notices":[],"footnotes":""},"categories":[1],"tags":[],"class_list":["post-5941","post","type-post","status-publish","format-standard","has-post-thumbnail","hentry","category-ccoo"],"author_meta":{"display_name":"Juan Morais","author_link":"https:\/\/www.ccoocaixabank.net\/ca\/author\/juanmorais\/"},"featured_img":"https:\/\/www.ccoocaixabank.net\/ca\/wp-content\/uploads\/sites\/3\/2025\/04\/PC30-1-512x384.jpg","coauthors":[],"tax_additional":{"categories":{"linked":["<a href=\"https:\/\/www.ccoocaixabank.net\/ca\/categoria\/ccoo\/\" class=\"advgb-post-tax-term\">CCOO<\/a>"],"unlinked":["<span class=\"advgb-post-tax-term\">CCOO<\/span>"]}},"comment_count":"0","relative_dates":{"created":"Posted 1 any ago","modified":"Updated 1 any ago"},"absolute_dates":{"created":"Posted on 23 d'abril de 2025","modified":"Updated on 23 d'abril de 2025"},"absolute_dates_time":{"created":"Posted on 23 d'abril de 2025 08:32","modified":"Updated on 23 d'abril de 2025 13:35"},"featured_img_caption":"","series_order":"","_links":{"self":[{"href":"https:\/\/www.ccoocaixabank.net\/ca\/wp-json\/wp\/v2\/posts\/5941","targetHints":{"allow":["GET"]}}],"collection":[{"href":"https:\/\/www.ccoocaixabank.net\/ca\/wp-json\/wp\/v2\/posts"}],"about":[{"href":"https:\/\/www.ccoocaixabank.net\/ca\/wp-json\/wp\/v2\/types\/post"}],"author":[{"embeddable":true,"href":"https:\/\/www.ccoocaixabank.net\/ca\/wp-json\/wp\/v2\/users\/7"}],"replies":[{"embeddable":true,"href":"https:\/\/www.ccoocaixabank.net\/ca\/wp-json\/wp\/v2\/comments?post=5941"}],"version-history":[{"count":30,"href":"https:\/\/www.ccoocaixabank.net\/ca\/wp-json\/wp\/v2\/posts\/5941\/revisions"}],"predecessor-version":[{"id":6006,"href":"https:\/\/www.ccoocaixabank.net\/ca\/wp-json\/wp\/v2\/posts\/5941\/revisions\/6006"}],"wp:featuredmedia":[{"embeddable":true,"href":"https:\/\/www.ccoocaixabank.net\/ca\/wp-json\/wp\/v2\/media\/5981"}],"wp:attachment":[{"href":"https:\/\/www.ccoocaixabank.net\/ca\/wp-json\/wp\/v2\/media?parent=5941"}],"wp:term":[{"taxonomy":"category","embeddable":true,"href":"https:\/\/www.ccoocaixabank.net\/ca\/wp-json\/wp\/v2\/categories?post=5941"},{"taxonomy":"post_tag","embeddable":true,"href":"https:\/\/www.ccoocaixabank.net\/ca\/wp-json\/wp\/v2\/tags?post=5941"}],"curies":[{"name":"wp","href":"https:\/\/api.w.org\/{rel}","templated":true}]}}