{"id":12313,"date":"2026-03-05T11:00:00","date_gmt":"2026-03-05T10:00:00","guid":{"rendered":"https:\/\/www.ccoocaixabank.net\/es\/?p=12313"},"modified":"2026-03-05T10:35:05","modified_gmt":"2026-03-05T09:35:05","slug":"9m-ha-llegado-el-momento-de-alzar-la-voz","status":"publish","type":"post","link":"https:\/\/www.ccoocaixabank.net\/es\/zona\/estatales\/9m-ha-llegado-el-momento-de-alzar-la-voz\/","title":{"rendered":"9M: HA LLEGADO EL MOMENTO DE ALZAR LA VOZ"},"content":{"rendered":"\n<div class=\"wp-block-group has-custom-azul-cxb-background-color has-background is-layout-flow wp-container-core-group-is-layout-768176b3 wp-block-group-is-layout-flow\" style=\"border-style:none;border-width:0px;margin-top:var(--wp--preset--spacing--20);margin-bottom:var(--wp--preset--spacing--20);padding-top:20px;padding-right:20px;padding-bottom:20px;padding-left:20px\">\n<p class=\"has-text-align-center has-base-color has-text-color has-link-color has-large-font-size wp-elements-6cb6a7f145e6e50973605d03bb8a2178\"><em><em><strong><strong>POR UN CLIMA LABORAL DIGNO Y UNOS RETOS REALISTAS<\/strong><\/strong><\/em><\/em><\/p>\n<\/div>\n\n\n\n<figure class=\"wp-block-image aligncenter size-medium\"><img loading=\"lazy\" decoding=\"async\" width=\"512\" height=\"179\" src=\"https:\/\/www.ccoocaixabank.net\/es\/wp-content\/uploads\/sites\/2\/2026\/02\/Madrid-512x179.jpg\" alt=\"\" class=\"wp-image-12180\" srcset=\"https:\/\/www.ccoocaixabank.net\/es\/wp-content\/uploads\/sites\/2\/2026\/02\/Madrid-512x179.jpg 512w, https:\/\/www.ccoocaixabank.net\/es\/wp-content\/uploads\/sites\/2\/2026\/02\/Madrid-1280x447.jpg 1280w, https:\/\/www.ccoocaixabank.net\/es\/wp-content\/uploads\/sites\/2\/2026\/02\/Madrid-768x268.jpg 768w, https:\/\/www.ccoocaixabank.net\/es\/wp-content\/uploads\/sites\/2\/2026\/02\/Madrid-1536x536.jpg 1536w, https:\/\/www.ccoocaixabank.net\/es\/wp-content\/uploads\/sites\/2\/2026\/02\/Madrid.jpg 2000w\" sizes=\"auto, (max-width: 512px) 100vw, 512px\" \/><\/figure>\n\n\n\n<div class=\"wp-block-group has-border-color has-tertiary-background-color has-background has-global-padding is-layout-constrained wp-container-core-group-is-layout-70d3dfd8 wp-block-group-is-layout-constrained\" style=\"border-color:#009ad8;border-width:3px;border-top-left-radius:18px;border-top-right-radius:18px;border-bottom-left-radius:18px;border-bottom-right-radius:18px;margin-top:var(--wp--preset--spacing--20);margin-bottom:var(--wp--preset--spacing--20);padding-top:var(--wp--preset--spacing--20);padding-right:var(--wp--preset--spacing--20);padding-bottom:var(--wp--preset--spacing--20);padding-left:var(--wp--preset--spacing--20)\">\n<p class=\"has-text-align-center has-large-font-size\"><strong>Esta convocatoria se realiza de manera conjunta por todos los sindicatos. <\/strong><\/p>\n\n\n\n<p>Vamos unidos. Sin diferencias. Cuando hablamos de cuestiones clave de salud laboral y de condiciones de trabajo, la respuesta es m\u00e1s potente si es colectiva. Y esta vez lo es.<\/p>\n\n\n\n<p><strong>La plantilla es un todo<\/strong>, es Red y son Servicios Centrales y tambi\u00e9n <strong>debe estar unida<\/strong>.<\/p>\n\n\n\n<p>La <strong>presi\u00f3n comercial desmedida<\/strong> que estamos soportando est\u00e1 generando un grave <strong>problema de salud<\/strong> en nuestra empresa. Estr\u00e9s constante, ansiedad, desgaste emocional y un clima permanente de tensi\u00f3n no pueden convertirse en algo normal en nuestro d\u00eda a d\u00eda. <strong>No podemos asumir como inevitable lo que nos est\u00e1 perjudicando<\/strong>.<\/p>\n\n\n\n<p><strong>Este paro no es un gesto simb\u00f3lico<\/strong>. Es un llamamiento unitario de todas las organizaciones sindicales a la plantilla, tras las movilizaciones y el paro del 3 de febrero y en la antesala de la Junta General de Accionistas.<\/p>\n\n\n\n<p>Aquel d\u00eda, el 70% de la plantilla de la Red secund\u00f3 el paro y demostr\u00f3 la fuerza de la plantilla cuando se moviliza unida. El pr\u00f3ximo lunes 9 de marzo volvemos a tener la oportunidad de hacerlo y de una forma a\u00fan mayor. <strong>Si no hay voluntad<\/strong> real de sentarse a negociar y abordar este problema con seriedad, <strong>tendremos que dar un paso m\u00e1s<\/strong>. Y eso <strong>puede implicar llegar a una huelga de 24 horas<\/strong>.<\/p>\n\n\n\n<p>Pero \u00a0no te quedes esperando a la pr\u00f3xima, <strong>MOVIL\u00cdZATE YA<\/strong>, porque el seguimiento del d\u00eda 9 es fundamental. Cuanto mayor sea la participaci\u00f3n, m\u00e1s claro ser\u00e1 el mensaje<strong>.<\/strong><\/p>\n<\/div>\n\n\n\n<figure class=\"wp-block-image aligncenter size-medium\"><img loading=\"lazy\" decoding=\"async\" width=\"512\" height=\"179\" src=\"https:\/\/www.ccoocaixabank.net\/es\/wp-content\/uploads\/sites\/2\/2026\/03\/Baleares-512x179.jpg\" alt=\"\" class=\"wp-image-12315\" srcset=\"https:\/\/www.ccoocaixabank.net\/es\/wp-content\/uploads\/sites\/2\/2026\/03\/Baleares-512x179.jpg 512w, https:\/\/www.ccoocaixabank.net\/es\/wp-content\/uploads\/sites\/2\/2026\/03\/Baleares-1280x447.jpg 1280w, https:\/\/www.ccoocaixabank.net\/es\/wp-content\/uploads\/sites\/2\/2026\/03\/Baleares-768x268.jpg 768w, https:\/\/www.ccoocaixabank.net\/es\/wp-content\/uploads\/sites\/2\/2026\/03\/Baleares-1536x536.jpg 1536w, https:\/\/www.ccoocaixabank.net\/es\/wp-content\/uploads\/sites\/2\/2026\/03\/Baleares.jpg 2000w\" sizes=\"auto, (max-width: 512px) 100vw, 512px\" \/><\/figure>\n\n\n\n<div class=\"wp-block-group has-border-color has-global-padding is-layout-constrained wp-container-core-group-is-layout-70d3dfd8 wp-block-group-is-layout-constrained\" style=\"border-color:#e0291d;border-width:3px;border-top-left-radius:15px;border-top-right-radius:15px;border-bottom-left-radius:15px;border-bottom-right-radius:15px;margin-top:var(--wp--preset--spacing--20);margin-bottom:var(--wp--preset--spacing--20);padding-top:var(--wp--preset--spacing--20);padding-right:var(--wp--preset--spacing--20);padding-bottom:var(--wp--preset--spacing--20);padding-left:var(--wp--preset--spacing--20)\">\n<p class=\"has-text-align-center has-large-font-size\"><strong><em><strong><strong>El d\u00eda 9 de MARZO DE 12 A 13H (11h a 12h en Canarias) \u00a1\u00a1YO PARO!!<\/strong><\/strong><\/em><\/strong><\/p>\n<\/div>\n\n\n\n<div class=\"wp-block-group has-border-color has-tertiary-background-color has-background has-global-padding is-layout-constrained wp-container-core-group-is-layout-70d3dfd8 wp-block-group-is-layout-constrained\" style=\"border-color:#009ad8;border-width:3px;border-top-left-radius:18px;border-top-right-radius:18px;border-bottom-left-radius:18px;border-bottom-right-radius:18px;margin-top:var(--wp--preset--spacing--20);margin-bottom:var(--wp--preset--spacing--20);padding-top:var(--wp--preset--spacing--20);padding-right:var(--wp--preset--spacing--20);padding-bottom:var(--wp--preset--spacing--20);padding-left:var(--wp--preset--spacing--20)\">\n<p>Queremos trasladar tambi\u00e9n un mensaje de tranquilidad: no hay que tener miedo a represalias. <strong>El derecho de huelga es un derecho fundamental, protegido legalmente<\/strong>.<\/p>\n\n\n\n<p class=\"has-text-align-center has-large-font-size\"><strong>SI VES COARTADOS TUS DERECHOS, AVISA A TU SINDICATO.<\/strong><\/p>\n\n\n\n<p>Aunque en tu puesto no sufras directamente la presi\u00f3n comercial o la sobrecarga de trabajo, por <strong>solidaridad <\/strong>te pedimos que participes. \u00bfPor qu\u00e9?, porque las presiones y otras pr\u00e1cticas hoy pueden afectar a unos <strong>departamentos<\/strong> y ma\u00f1ana a otros, porque hoy pueden afectar a unas <strong>oficinas<\/strong> pero ma\u00f1ana a otras, porque hoy pueden afectar a un <strong>segmento de negocio<\/strong> y ma\u00f1ana a otros\u2026 porque la <strong>salud laboral<\/strong> no es un problema individual y la movilizaci\u00f3n colectiva, es la mayor herramienta que tenemos. Y porque reclamamos medidas y compromisos que implican revertir los beneficios r\u00e9cord en mejorar el clima laboral en favor de <strong>toda la plantilla<\/strong>.<\/p>\n\n\n\n<p class=\"has-text-align-center has-large-font-size\"><strong>\u00daNETE A TUS COMPA\u00d1EROS Y COMPA\u00d1ERAS, MA\u00d1ANA PUEDES SER T\u00da<\/strong><\/p>\n<\/div>\n\n\n\n<figure class=\"wp-block-image aligncenter size-medium\"><img loading=\"lazy\" decoding=\"async\" width=\"512\" height=\"179\" src=\"https:\/\/www.ccoocaixabank.net\/es\/wp-content\/uploads\/sites\/2\/2026\/03\/Castilla-y-Leon-512x179.jpg\" alt=\"\" class=\"wp-image-12316\" srcset=\"https:\/\/www.ccoocaixabank.net\/es\/wp-content\/uploads\/sites\/2\/2026\/03\/Castilla-y-Leon-512x179.jpg 512w, https:\/\/www.ccoocaixabank.net\/es\/wp-content\/uploads\/sites\/2\/2026\/03\/Castilla-y-Leon-1280x447.jpg 1280w, https:\/\/www.ccoocaixabank.net\/es\/wp-content\/uploads\/sites\/2\/2026\/03\/Castilla-y-Leon-768x268.jpg 768w, https:\/\/www.ccoocaixabank.net\/es\/wp-content\/uploads\/sites\/2\/2026\/03\/Castilla-y-Leon-1536x536.jpg 1536w, https:\/\/www.ccoocaixabank.net\/es\/wp-content\/uploads\/sites\/2\/2026\/03\/Castilla-y-Leon.jpg 2000w\" sizes=\"auto, (max-width: 512px) 100vw, 512px\" \/><\/figure>\n\n\n\n<div class=\"wp-block-group has-border-color has-tertiary-background-color has-background has-global-padding is-layout-constrained wp-container-core-group-is-layout-70d3dfd8 wp-block-group-is-layout-constrained\" style=\"border-color:#009ad8;border-width:3px;border-top-left-radius:18px;border-top-right-radius:18px;border-bottom-left-radius:18px;border-bottom-right-radius:18px;margin-top:var(--wp--preset--spacing--20);margin-bottom:var(--wp--preset--spacing--20);padding-top:var(--wp--preset--spacing--20);padding-right:var(--wp--preset--spacing--20);padding-bottom:var(--wp--preset--spacing--20);padding-left:var(--wp--preset--spacing--20)\">\n<p class=\"has-text-align-center has-large-font-size\" style=\"margin-top:var(--wp--preset--spacing--20)\"><strong><strong><strong><mark style=\"background-color:#fbf4f3\" class=\"has-inline-color has-primary-color\">LLAMAMIENTO A LA MOVILIZACI\u00d3N<\/mark><\/strong><\/strong><\/strong><\/p>\n\n\n\n<p>El paro es una herramienta legal y voluntaria, pero ficharlo correctamente no es un simple tr\u00e1mite, es la forma de garantizar que tu participaci\u00f3n sea reconocida y cuente realmente en la movilizaci\u00f3n, mandando un mensaje claro y masivo de toda la <strong>plantilla<\/strong> a la <strong>Direcci\u00f3n<\/strong>.<\/p>\n\n\n\n<p><strong>Podr\u00e1s ficharlo a trav\u00e9s de la siguiente ruta:<\/strong><\/p>\n\n\n\n<p>PeopleNow \u27a1\ufe0f Portal del empleado \u27a1\ufe0f Vacaciones, permisos y ausencias \u27a1\ufe0f Huelga parcial 60 minutos.<\/p>\n\n\n\n<p>Ahora es el momento de actuar con <strong>unidad<\/strong>. Por eso, os convocamos a un:<\/p>\n\n\n\n<p class=\"has-text-align-center has-large-font-size\"><strong><mark style=\"background-color:#fbf4f3\" class=\"has-inline-color has-primary-color\">PARO PARCIAL<\/mark><\/strong><\/p>\n\n\n\n<p class=\"has-text-align-center has-large-font-size\"><strong><mark style=\"background-color:#fbf4f3\" class=\"has-inline-color has-primary-color\">EL LUNES 9 DE MARZO<\/mark><\/strong><\/p>\n\n\n\n<p class=\"has-text-align-center has-large-font-size\"><strong><mark style=\"background-color:#fbf4f3\" class=\"has-inline-color has-primary-color\">DE 12:00h A 13:00h<\/mark><\/strong><\/p>\n\n\n\n<p class=\"has-text-align-center\"><mark style=\"background-color:#fbf4f3\" class=\"has-inline-color has-primary-color\"><strong>(De 11:00h a 12:00h en Canarias)<\/strong><\/mark><\/p>\n\n\n\n<p style=\"margin-top:var(--wp--preset--spacing--20);margin-bottom:var(--wp--preset--spacing--20)\">Carteles imprimibles en blanco y negro para 9M:<\/p>\n\n\n\n<div class=\"wp-block-columns is-layout-flex wp-container-core-columns-is-layout-24c589db wp-block-columns-is-layout-flex\" style=\"padding-top:0;padding-right:0;padding-bottom:0;padding-left:0\">\n<div class=\"wp-block-column is-layout-flow wp-block-column-is-layout-flow\">\n<div class=\"wp-block-file\"><a id=\"wp-block-file--media-b2e1a876-2f6c-49bf-b150-8b27783ab8f8\" href=\"https:\/\/www.ccoocaixabank.net\/es\/wp-content\/uploads\/sites\/2\/2026\/03\/CAS_PENINSULA-CARTEL-9M-CONJUNTO-IMPRIMIBLE-BN.pdf\">CAS_PEN\u00cdNSULA <\/a><a href=\"https:\/\/www.ccoocaixabank.net\/es\/wp-content\/uploads\/sites\/2\/2026\/03\/CAS_PENINSULA-CARTEL-9M-CONJUNTO-IMPRIMIBLE-BN.pdf\" class=\"wp-block-file__button wp-element-button\" download aria-describedby=\"wp-block-file--media-b2e1a876-2f6c-49bf-b150-8b27783ab8f8\">Descarga<\/a><\/div>\n<\/div>\n\n\n\n<div class=\"wp-block-column is-layout-flow wp-block-column-is-layout-flow\">\n<div class=\"wp-block-file\"><a id=\"wp-block-file--media-06c19210-f24d-4666-b6ba-c1967034afb2\" href=\"https:\/\/www.ccoocaixabank.net\/es\/wp-content\/uploads\/sites\/2\/2026\/03\/CAS_CANARIAS-CARTEL-9M-CONJUNTO-IMPRIMIBLE-BN.pdf\">CAS_CANARIAS   <\/a><a href=\"https:\/\/www.ccoocaixabank.net\/es\/wp-content\/uploads\/sites\/2\/2026\/03\/CAS_CANARIAS-CARTEL-9M-CONJUNTO-IMPRIMIBLE-BN.pdf\" class=\"wp-block-file__button wp-element-button\" download aria-describedby=\"wp-block-file--media-06c19210-f24d-4666-b6ba-c1967034afb2\">Descarga<\/a><\/div>\n<\/div>\n\n\n\n<div class=\"wp-block-column is-layout-flow wp-block-column-is-layout-flow\">\n<div class=\"wp-block-file\"><a id=\"wp-block-file--media-3ffeba60-29ac-41c1-84d6-810ebdec1761\" href=\"https:\/\/www.ccoocaixabank.net\/es\/wp-content\/uploads\/sites\/2\/2026\/03\/CAT_CARTELL-9M-CONJUNT-IMPRIMIBLE-BN.pdf\">CAT_PEN\u00cdNSULA<\/a><a href=\"https:\/\/www.ccoocaixabank.net\/es\/wp-content\/uploads\/sites\/2\/2026\/03\/CAT_CARTELL-9M-CONJUNT-IMPRIMIBLE-BN.pdf\" class=\"wp-block-file__button wp-element-button\" download aria-describedby=\"wp-block-file--media-3ffeba60-29ac-41c1-84d6-810ebdec1761\">Descarga<\/a><\/div>\n<\/div>\n<\/div>\n\n\n\n<p class=\"has-text-align-center\" style=\"margin-top:var(--wp--preset--spacing--20)\">Es el momento de demostrar nuestra fuerza. <\/p>\n\n\n\n<p class=\"has-text-align-center\">Es el momento de recuperar nuestra dignidad profesional.<\/p>\n\n\n\n<p class=\"has-text-align-center\" style=\"margin-bottom:var(--wp--preset--spacing--20)\"><strong>PORQUE SOMOS CAIXABANK, Y DECIMOS BASTA.<\/strong><strong><\/strong><\/p>\n<\/div>\n\n\n\n<figure class=\"wp-block-image aligncenter size-full\"><img loading=\"lazy\" decoding=\"async\" width=\"1280\" height=\"120\" src=\"https:\/\/www.ccoocaixabank.net\/es\/wp-content\/uploads\/sites\/2\/2025\/10\/el-poder-de-cambiar-las-cosas-en-CaixaBank-3.jpg\" alt=\"\" class=\"wp-image-9204\" srcset=\"https:\/\/www.ccoocaixabank.net\/es\/wp-content\/uploads\/sites\/2\/2025\/10\/el-poder-de-cambiar-las-cosas-en-CaixaBank-3.jpg 1280w, https:\/\/www.ccoocaixabank.net\/es\/wp-content\/uploads\/sites\/2\/2025\/10\/el-poder-de-cambiar-las-cosas-en-CaixaBank-3-512x48.jpg 512w, https:\/\/www.ccoocaixabank.net\/es\/wp-content\/uploads\/sites\/2\/2025\/10\/el-poder-de-cambiar-las-cosas-en-CaixaBank-3-768x72.jpg 768w\" sizes=\"auto, (max-width: 1280px) 100vw, 1280px\" \/><\/figure>\n","protected":false},"excerpt":{"rendered":"<p>POR UN CLIMA LABORAL DIGNO Y UNOS RETOS REALISTAS Esta convocatoria se realiza de manera conjunta por todos los sindicatos. Vamos unidos. Sin diferencias. Cuando hablamos de cuestiones clave de salud laboral y de condiciones de trabajo, la respuesta es m\u00e1s potente si es colectiva. Y esta vez lo es. La plantilla es un todo, [&hellip;]<\/p>\n","protected":false},"author":7,"featured_media":12318,"comment_status":"closed","ping_status":"closed","sticky":false,"template":"wp-custom-template-noticia-con-encabezado-el-momento-es-ahora-y-pie-el-poder-de-cambiar-las-cosas","format":"standard","meta":{"advgb_blocks_editor_width":"","advgb_blocks_columns_visual_guide":"","editor_notices":[],"footnotes":""},"categories":[1],"tags":[],"class_list":["post-12313","post","type-post","status-publish","format-standard","has-post-thumbnail","hentry","category-estatales"],"author_meta":{"display_name":"Juan Morais","author_link":"https:\/\/www.ccoocaixabank.net\/es\/author\/juanmorais\/"},"featured_img":"https:\/\/www.ccoocaixabank.net\/es\/wp-content\/uploads\/sites\/2\/2026\/03\/conjunto-5-512x384.jpg","coauthors":[],"tax_additional":{"categories":{"linked":["<a href=\"https:\/\/www.ccoocaixabank.net\/es\/categoria\/zona\/estatales\/\" class=\"advgb-post-tax-term\">Estatales<\/a>"],"unlinked":["<span class=\"advgb-post-tax-term\">Estatales<\/span>"]}},"comment_count":"0","relative_dates":{"created":"Publicado 2 meses hace","modified":"Actualizado 2 meses hace"},"absolute_dates":{"created":"Publicado el 5 de marzo de 2026","modified":"Actualizado el 5 de marzo de 2026"},"absolute_dates_time":{"created":"Publicado el 5 de marzo de 2026 11:00","modified":"Actualizado el 5 de marzo de 2026 10:35"},"featured_img_caption":"","series_order":"","_links":{"self":[{"href":"https:\/\/www.ccoocaixabank.net\/es\/wp-json\/wp\/v2\/posts\/12313","targetHints":{"allow":["GET"]}}],"collection":[{"href":"https:\/\/www.ccoocaixabank.net\/es\/wp-json\/wp\/v2\/posts"}],"about":[{"href":"https:\/\/www.ccoocaixabank.net\/es\/wp-json\/wp\/v2\/types\/post"}],"author":[{"embeddable":true,"href":"https:\/\/www.ccoocaixabank.net\/es\/wp-json\/wp\/v2\/users\/7"}],"replies":[{"embeddable":true,"href":"https:\/\/www.ccoocaixabank.net\/es\/wp-json\/wp\/v2\/comments?post=12313"}],"version-history":[{"count":3,"href":"https:\/\/www.ccoocaixabank.net\/es\/wp-json\/wp\/v2\/posts\/12313\/revisions"}],"predecessor-version":[{"id":12319,"href":"https:\/\/www.ccoocaixabank.net\/es\/wp-json\/wp\/v2\/posts\/12313\/revisions\/12319"}],"wp:featuredmedia":[{"embeddable":true,"href":"https:\/\/www.ccoocaixabank.net\/es\/wp-json\/wp\/v2\/media\/12318"}],"wp:attachment":[{"href":"https:\/\/www.ccoocaixabank.net\/es\/wp-json\/wp\/v2\/media?parent=12313"}],"wp:term":[{"taxonomy":"category","embeddable":true,"href":"https:\/\/www.ccoocaixabank.net\/es\/wp-json\/wp\/v2\/categories?post=12313"},{"taxonomy":"post_tag","embeddable":true,"href":"https:\/\/www.ccoocaixabank.net\/es\/wp-json\/wp\/v2\/tags?post=12313"}],"curies":[{"name":"wp","href":"https:\/\/api.w.org\/{rel}","templated":true}]}}