{"id":12952,"date":"2026-04-28T10:51:20","date_gmt":"2026-04-28T08:51:20","guid":{"rendered":"https:\/\/www.ccoocaixabank.net\/es\/?p=12952"},"modified":"2026-04-28T10:53:40","modified_gmt":"2026-04-28T08:53:40","slug":"fin-de-la-adecuacion-progresiva-las-desigualdades-continuan","status":"publish","type":"post","link":"https:\/\/www.ccoocaixabank.net\/es\/zona\/estatales\/fin-de-la-adecuacion-progresiva-las-desigualdades-continuan\/","title":{"rendered":"\u00bfFin de la adecuaci\u00f3n progresiva? Las desigualdades continuan"},"content":{"rendered":"\n<div class=\"wp-block-group has-custom-azul-cxb-background-color has-background is-layout-flow wp-container-core-group-is-layout-768176b3 wp-block-group-is-layout-flow\" style=\"border-style:none;border-width:0px;margin-top:var(--wp--preset--spacing--20);margin-bottom:var(--wp--preset--spacing--20);padding-top:20px;padding-right:20px;padding-bottom:20px;padding-left:20px\">\n<p class=\"has-text-align-center has-base-color has-text-color has-link-color has-large-font-size wp-elements-b788ae99c194e6bb6c670b888a0a34fc\"><em><em><strong>Por fin ha terminado uno de los procesos m\u00e1s largos, la adecuaci\u00f3n progresiva de la plantilla de origen Bankia. Una noticia que deber\u00eda cerrar una etapa\u2026 pero que abre otra conversaci\u00f3n pendiente.<\/strong><\/em><\/em><\/p>\n<\/div>\n\n\n\n<p><strong>Desde CCOO celebramos que este proceso haya llegado a su fin.<\/strong><\/p>\n\n\n\n<p><strong>Hemos reclamado reiteradas veces, el adelanto de la adecuaci\u00f3n progresiva, y eliminaci\u00f3n de desigualdades, sin respuesta por parte de la Direcci\u00f3n.<\/strong><\/p>\n\n\n\n<p>Han sido a\u00f1os de transici\u00f3n en los que la plantilla ha demostrado, una vez m\u00e1s, responsabilidad, compromiso y capacidad de adaptaci\u00f3n en momentos especialmente complejos para la Entidad.<\/p>\n\n\n\n<p>Un acuerdo alcanzado en un entorno dif\u00edcil, que hoy, con resultados muy positivos, sigue sin adaptarse a la nueva realidad.<\/p>\n\n\n\n<p>No podemos dar por cerrada esta etapa, el fin de la adecuaci\u00f3n progresiva consolida desigualdades que ya <strong>no afectan solo a la integraci\u00f3n de Bankia, sino tambi\u00e9n a otras integraciones y a colectivos incorporados en los \u00faltimos a\u00f1os.<\/strong><\/p>\n\n\n\n<p><strong>Con un compromiso cierto y calendarizado para la mejora y homologaci\u00f3n de toda la plantilla<\/strong>, tanto en las aportaciones para la prestaci\u00f3n de jubilaci\u00f3n como en las prestaciones de riesgo. Ver enlace <a href=\"https:\/\/www.ccoocaixabank.net\/es\/zona\/estatales\/primera-mesa-de-negociacion-sobre-prevision-social-en-caixabank\/\">\u27a1\ufe0fPrimera mesa de negociaci\u00f3n sobre Previsi\u00f3n Social en CaixaBank<\/a><\/p>\n\n\n\n<p>La Entidad presenta resultados muy positivos. Beneficios s\u00f3lidos. Un escenario que poco tiene que ver con aquel en el que se ped\u00eda a la plantilla esfuerzo, paciencia y comprensi\u00f3n.<\/p>\n\n\n\n<p class=\"has-text-align-center has-large-font-size\"><strong>Si el esfuerzo es colectivo, la recompensa tambi\u00e9n debe ser para todas y todos.<\/strong><\/p>\n\n\n\n<p>Cualquier <strong>duda o incidencia con la n\u00f3mina de este mes,<\/strong> consulta con tu delegada o delegado de referencia.<\/p>\n\n\n\n<div class=\"wp-block-group has-border-color has-primary-border-color has-global-padding is-layout-constrained wp-container-core-group-is-layout-70d3dfd8 wp-block-group-is-layout-constrained\" style=\"border-width:5px;margin-top:var(--wp--preset--spacing--20);margin-bottom:var(--wp--preset--spacing--20);padding-top:var(--wp--preset--spacing--20);padding-right:var(--wp--preset--spacing--20);padding-bottom:var(--wp--preset--spacing--20);padding-left:var(--wp--preset--spacing--20)\">\n<p class=\"has-text-align-center has-large-font-size\"><strong><em>Es el momento de trasladar los buenos resultados a toda la plantilla y avanzar hacia un modelo m\u00e1s justo,<\/em><\/strong> <strong>ya no hay excusas para mantener desigualdades.<\/strong><\/p>\n<\/div>\n\n\n\n<figure class=\"wp-block-image aligncenter size-full\"><img loading=\"lazy\" decoding=\"async\" width=\"1280\" height=\"120\" src=\"https:\/\/www.ccoocaixabank.net\/es\/wp-content\/uploads\/sites\/2\/2025\/10\/el-poder-de-cambiar-las-cosas-en-CaixaBank-3.jpg\" alt=\"\" class=\"wp-image-9204\" srcset=\"https:\/\/www.ccoocaixabank.net\/es\/wp-content\/uploads\/sites\/2\/2025\/10\/el-poder-de-cambiar-las-cosas-en-CaixaBank-3.jpg 1280w, https:\/\/www.ccoocaixabank.net\/es\/wp-content\/uploads\/sites\/2\/2025\/10\/el-poder-de-cambiar-las-cosas-en-CaixaBank-3-512x48.jpg 512w, https:\/\/www.ccoocaixabank.net\/es\/wp-content\/uploads\/sites\/2\/2025\/10\/el-poder-de-cambiar-las-cosas-en-CaixaBank-3-768x72.jpg 768w\" sizes=\"auto, (max-width: 1280px) 100vw, 1280px\" \/><\/figure>\n","protected":false},"excerpt":{"rendered":"<p>Por fin ha terminado uno de los procesos m\u00e1s largos, la adecuaci\u00f3n progresiva de la plantilla de origen Bankia. Una noticia que deber\u00eda cerrar una etapa\u2026 pero que abre otra conversaci\u00f3n pendiente. Desde CCOO celebramos que este proceso haya llegado a su fin. Hemos reclamado reiteradas veces, el adelanto de la adecuaci\u00f3n progresiva, y eliminaci\u00f3n [&hellip;]<\/p>\n","protected":false},"author":7,"featured_media":12962,"comment_status":"closed","ping_status":"closed","sticky":false,"template":"wp-custom-template-noticia-con-encabezado-el-momento-es-ahora-y-pie-el-poder-de-cambiar-las-cosas","format":"standard","meta":{"advgb_blocks_editor_width":"","advgb_blocks_columns_visual_guide":"","editor_notices":[],"footnotes":""},"categories":[1],"tags":[],"class_list":["post-12952","post","type-post","status-publish","format-standard","has-post-thumbnail","hentry","category-estatales"],"author_meta":{"display_name":"Juan Morais","author_link":"https:\/\/www.ccoocaixabank.net\/es\/author\/juanmorais\/"},"featured_img":"https:\/\/www.ccoocaixabank.net\/es\/wp-content\/uploads\/sites\/2\/2026\/04\/Fin-adequacion-progresiva-512x384.jpg","coauthors":[],"tax_additional":{"categories":{"linked":["<a href=\"https:\/\/www.ccoocaixabank.net\/es\/categoria\/zona\/estatales\/\" class=\"advgb-post-tax-term\">Estatales<\/a>"],"unlinked":["<span class=\"advgb-post-tax-term\">Estatales<\/span>"]}},"comment_count":"0","relative_dates":{"created":"Publicado 3 d\u00edas hace","modified":"Actualizado 3 d\u00edas hace"},"absolute_dates":{"created":"Publicado el 28 de abril de 2026","modified":"Actualizado el 28 de abril de 2026"},"absolute_dates_time":{"created":"Publicado el 28 de abril de 2026 10:51","modified":"Actualizado el 28 de abril de 2026 10:53"},"featured_img_caption":"","series_order":"","_links":{"self":[{"href":"https:\/\/www.ccoocaixabank.net\/es\/wp-json\/wp\/v2\/posts\/12952","targetHints":{"allow":["GET"]}}],"collection":[{"href":"https:\/\/www.ccoocaixabank.net\/es\/wp-json\/wp\/v2\/posts"}],"about":[{"href":"https:\/\/www.ccoocaixabank.net\/es\/wp-json\/wp\/v2\/types\/post"}],"author":[{"embeddable":true,"href":"https:\/\/www.ccoocaixabank.net\/es\/wp-json\/wp\/v2\/users\/7"}],"replies":[{"embeddable":true,"href":"https:\/\/www.ccoocaixabank.net\/es\/wp-json\/wp\/v2\/comments?post=12952"}],"version-history":[{"count":10,"href":"https:\/\/www.ccoocaixabank.net\/es\/wp-json\/wp\/v2\/posts\/12952\/revisions"}],"predecessor-version":[{"id":12964,"href":"https:\/\/www.ccoocaixabank.net\/es\/wp-json\/wp\/v2\/posts\/12952\/revisions\/12964"}],"wp:featuredmedia":[{"embeddable":true,"href":"https:\/\/www.ccoocaixabank.net\/es\/wp-json\/wp\/v2\/media\/12962"}],"wp:attachment":[{"href":"https:\/\/www.ccoocaixabank.net\/es\/wp-json\/wp\/v2\/media?parent=12952"}],"wp:term":[{"taxonomy":"category","embeddable":true,"href":"https:\/\/www.ccoocaixabank.net\/es\/wp-json\/wp\/v2\/categories?post=12952"},{"taxonomy":"post_tag","embeddable":true,"href":"https:\/\/www.ccoocaixabank.net\/es\/wp-json\/wp\/v2\/tags?post=12952"}],"curies":[{"name":"wp","href":"https:\/\/api.w.org\/{rel}","templated":true}]}}